{"id":1033,"date":"2026-03-04T20:34:21","date_gmt":"2026-03-04T18:34:21","guid":{"rendered":"https:\/\/fcsantboia.cat\/noticies\/?p=1033"},"modified":"2026-03-04T20:51:27","modified_gmt":"2026-03-04T18:51:27","slug":"joan-avellanet-nou-president-del-santboia","status":"publish","type":"post","link":"https:\/\/fcsantboia.cat\/noticies\/joan-avellanet-nou-president-del-santboia\/","title":{"rendered":"Joan Avellanet, 51\u00e8  president del Santboi\u00e0"},"content":{"rendered":"\n<p>La Junta Electoral del Club informa que, finalitzat el termini de presentaci\u00f3 de candidatures i havent-se presentat una \u00fanica candidatura v\u00e0lida, queda proclamada oficialment la nova Junta Directiva UNITS PEL SANTBOI\u00c0 encap\u00e7alada pel Sr. Joan Avellanet i Duran com a President del club, el 51\u00e8 en la hist\u00f2ria de l\u2019entitat.<\/p>\n\n\n\n<p>Santboi\u00e0 de naixement i profundament arrelat al club, Joan Avellanet ha crescut vinculat al Futbol Club Santboi\u00e0 tant per tradici\u00f3 familiar com per la seva pr\u00f2pia traject\u00f2ria esportiva. Format a les categories inferiors del club, va arribar al primer equip i va formar part d\u2019un moment hist\u00f2ric: el primer play-off d\u2019ascens a Segona Divisi\u00f3 B.<\/p>\n\n\n\n<p>Avui assumeix la presid\u00e8ncia amb coneixement, experi\u00e8ncia i un ferm comprom\u00eds amb el present i el futur del Santboi\u00e0.<\/p>\n\n\n\n<p>En nom de la Junta Directiva sortint, li volem transmetre les nostres m\u00e9s sinceres felicitacions i desitjar-li molta sort en aquesta nova etapa al capdavant del club.<br>Agra\u00efm la confian\u00e7a i el suport dels socis i s\u00f2cies, i encetem aquesta nova etapa amb il\u2022lusi\u00f3 i comprom\u00eds.<\/p>\n\n\n\n<p>Enhorabona, Joan!<br>Visca el FC. Santboi\u00e0!<\/p>\n","protected":false},"excerpt":{"rendered":"<p>La Junta Electoral del Club informa que, finalitzat el termini de presentaci\u00f3 de candidatures i havent-se presentat una \u00fanica candidatura v\u00e0lida, queda proclamada oficialment la nova Junta Directiva UNITS PEL SANTBOI\u00c0 encap\u00e7alada pel Sr. Joan Avellanet i Duran com a President del club, el 51\u00e8 en la hist\u00f2ria de l\u2019entitat. Santboi\u00e0 de naixement i profundament [&hellip;]<\/p>\n","protected":false},"author":1,"featured_media":1036,"comment_status":"closed","ping_status":"closed","sticky":false,"template":"","format":"standard","meta":{"footnotes":""},"categories":[4],"tags":[],"class_list":["post-1033","post","type-post","status-publish","format-standard","has-post-thumbnail","hentry","category-club"],"_links":{"self":[{"href":"https:\/\/fcsantboia.cat\/noticies\/wp-json\/wp\/v2\/posts\/1033","targetHints":{"allow":["GET"]}}],"collection":[{"href":"https:\/\/fcsantboia.cat\/noticies\/wp-json\/wp\/v2\/posts"}],"about":[{"href":"https:\/\/fcsantboia.cat\/noticies\/wp-json\/wp\/v2\/types\/post"}],"author":[{"embeddable":true,"href":"https:\/\/fcsantboia.cat\/noticies\/wp-json\/wp\/v2\/users\/1"}],"replies":[{"embeddable":true,"href":"https:\/\/fcsantboia.cat\/noticies\/wp-json\/wp\/v2\/comments?post=1033"}],"version-history":[{"count":3,"href":"https:\/\/fcsantboia.cat\/noticies\/wp-json\/wp\/v2\/posts\/1033\/revisions"}],"predecessor-version":[{"id":1038,"href":"https:\/\/fcsantboia.cat\/noticies\/wp-json\/wp\/v2\/posts\/1033\/revisions\/1038"}],"wp:featuredmedia":[{"embeddable":true,"href":"https:\/\/fcsantboia.cat\/noticies\/wp-json\/wp\/v2\/media\/1036"}],"wp:attachment":[{"href":"https:\/\/fcsantboia.cat\/noticies\/wp-json\/wp\/v2\/media?parent=1033"}],"wp:term":[{"taxonomy":"category","embeddable":true,"href":"https:\/\/fcsantboia.cat\/noticies\/wp-json\/wp\/v2\/categories?post=1033"},{"taxonomy":"post_tag","embeddable":true,"href":"https:\/\/fcsantboia.cat\/noticies\/wp-json\/wp\/v2\/tags?post=1033"}],"curies":[{"name":"wp","href":"https:\/\/api.w.org\/{rel}","templated":true}]}}