{"id":1023,"date":"2026-03-01T21:53:54","date_gmt":"2026-03-01T19:53:54","guid":{"rendered":"https:\/\/fcsantboia.cat\/noticies\/?p=1023"},"modified":"2026-03-01T21:53:54","modified_gmt":"2026-03-01T19:53:54","slug":"gran-pas-cap-a-la-salvacio","status":"publish","type":"post","link":"https:\/\/fcsantboia.cat\/noticies\/gran-pas-cap-a-la-salvacio\/","title":{"rendered":"Gran pas cap a la salvaci\u00f3"},"content":{"rendered":"\n<p>El Santboi\u00e0 afrontava el derbi del Baix Llobregat amb la necessitat imperiosa de puntuar i, si era possible, sumar els tres punts davant un Viladecans instal\u00b7lat a la part alta de la classificaci\u00f3 i amb aspiracions d\u2019ascens directe. Per\u00f2 els visitants no van tenir cap opci\u00f3: els vermell-i-negres van signar el millor partit de l\u2019era \u201calumne Triguero\u201d, superant t\u00e0cticament el \u201cmestre\u201d Andr\u00e9s Gonz\u00e1lez.<\/p>\n\n\n\n<figure class=\"wp-block-image size-large\"><img loading=\"lazy\" decoding=\"async\" width=\"1024\" height=\"683\" src=\"https:\/\/fcsantboia.cat\/noticies\/wp-content\/uploads\/2026\/03\/SBVI_008-1024x683.jpg\" alt=\"\" class=\"wp-image-1024\" srcset=\"https:\/\/fcsantboia.cat\/noticies\/wp-content\/uploads\/2026\/03\/SBVI_008-1024x683.jpg 1024w, https:\/\/fcsantboia.cat\/noticies\/wp-content\/uploads\/2026\/03\/SBVI_008-300x200.jpg 300w, https:\/\/fcsantboia.cat\/noticies\/wp-content\/uploads\/2026\/03\/SBVI_008-768x512.jpg 768w, https:\/\/fcsantboia.cat\/noticies\/wp-content\/uploads\/2026\/03\/SBVI_008-1536x1024.jpg 1536w, https:\/\/fcsantboia.cat\/noticies\/wp-content\/uploads\/2026\/03\/SBVI_008.jpg 1600w\" sizes=\"auto, (max-width: 1024px) 100vw, 1024px\" \/><\/figure>\n\n\n\n<p>La primera part va comen\u00e7ar amb domini altern. Akram va tenir la primera ocasi\u00f3 pels visitants, per\u00f2 el seu xut va sortir alt. En canvi, el Santboi\u00e0 va colpejar a la primera oportunitat clara: passada d\u2019Avellanet cap a Saliou, que tornava al Joan Baptista Mil\u00e0, i definici\u00f3 precisa per sota per batre Mario (1-0).<\/p>\n\n\n\n<figure class=\"wp-block-image size-large\"><img loading=\"lazy\" decoding=\"async\" width=\"1024\" height=\"683\" src=\"https:\/\/fcsantboia.cat\/noticies\/wp-content\/uploads\/2026\/03\/SBVI_027-1024x683.jpg\" alt=\"\" class=\"wp-image-1025\" srcset=\"https:\/\/fcsantboia.cat\/noticies\/wp-content\/uploads\/2026\/03\/SBVI_027-1024x683.jpg 1024w, https:\/\/fcsantboia.cat\/noticies\/wp-content\/uploads\/2026\/03\/SBVI_027-300x200.jpg 300w, https:\/\/fcsantboia.cat\/noticies\/wp-content\/uploads\/2026\/03\/SBVI_027-768x512.jpg 768w, https:\/\/fcsantboia.cat\/noticies\/wp-content\/uploads\/2026\/03\/SBVI_027-1536x1024.jpg 1536w, https:\/\/fcsantboia.cat\/noticies\/wp-content\/uploads\/2026\/03\/SBVI_027.jpg 1600w\" sizes=\"auto, (max-width: 1024px) 100vw, 1024px\" \/><\/figure>\n\n\n\n<p>El Viladecans va quedar tocat, i nom\u00e9s tres minuts despr\u00e9s un xut de Lina, a passada d&#8217;Eric Garcia,, es va escolar entre les mans del porter i va significar el 2-0. Els d\u2019Andr\u00e9s Gonz\u00e1lez van intentar reaccionar, i Guillem Dolz va estar a punt de retallar dist\u00e0ncies amb un xut que va topar amb el travesser despr\u00e9s que Iv\u00e1n Fuentes el desvi\u00e9s lleugerament amb la punta dels dits.<\/p>\n\n\n\n<figure class=\"wp-block-image size-large\"><img loading=\"lazy\" decoding=\"async\" width=\"1024\" height=\"683\" src=\"https:\/\/fcsantboia.cat\/noticies\/wp-content\/uploads\/2026\/03\/SBVI_042-1024x683.jpg\" alt=\"\" class=\"wp-image-1026\" srcset=\"https:\/\/fcsantboia.cat\/noticies\/wp-content\/uploads\/2026\/03\/SBVI_042-1024x683.jpg 1024w, https:\/\/fcsantboia.cat\/noticies\/wp-content\/uploads\/2026\/03\/SBVI_042-300x200.jpg 300w, https:\/\/fcsantboia.cat\/noticies\/wp-content\/uploads\/2026\/03\/SBVI_042-768x512.jpg 768w, https:\/\/fcsantboia.cat\/noticies\/wp-content\/uploads\/2026\/03\/SBVI_042-1536x1024.jpg 1536w, https:\/\/fcsantboia.cat\/noticies\/wp-content\/uploads\/2026\/03\/SBVI_042.jpg 1600w\" sizes=\"auto, (max-width: 1024px) 100vw, 1024px\" \/><\/figure>\n\n\n\n<p>Al minut 33 va arribar el tercer. Gran jugada de Saliou per banda esquerra \u2014l\u2019heroi del partit\u2014, centrada enrere i Lina, a boca de can\u00f3, va fer el 3-0 davant la incredulitat d\u2019una afici\u00f3 local que mereixia un partit com aquest.<\/p>\n\n\n\n<figure class=\"wp-block-image size-large\"><img loading=\"lazy\" decoding=\"async\" width=\"1024\" height=\"683\" src=\"https:\/\/fcsantboia.cat\/noticies\/wp-content\/uploads\/2026\/03\/SBVI_031-1024x683.jpg\" alt=\"\" class=\"wp-image-1027\" srcset=\"https:\/\/fcsantboia.cat\/noticies\/wp-content\/uploads\/2026\/03\/SBVI_031-1024x683.jpg 1024w, https:\/\/fcsantboia.cat\/noticies\/wp-content\/uploads\/2026\/03\/SBVI_031-300x200.jpg 300w, https:\/\/fcsantboia.cat\/noticies\/wp-content\/uploads\/2026\/03\/SBVI_031-768x512.jpg 768w, https:\/\/fcsantboia.cat\/noticies\/wp-content\/uploads\/2026\/03\/SBVI_031-1536x1024.jpg 1536w, https:\/\/fcsantboia.cat\/noticies\/wp-content\/uploads\/2026\/03\/SBVI_031.jpg 1600w\" sizes=\"auto, (max-width: 1024px) 100vw, 1024px\" \/><\/figure>\n\n\n\n<p>A la segona part, el Viladecans va moure la banqueta amb tres canvis d\u2019inici buscant la reacci\u00f3, per\u00f2 el gran plantejament del Santboi\u00e0 en totes les l\u00ednies, especialment en defensa, va neutralitzar qualsevol intent visitant. Nom\u00e9s a les acaballes, Erik P\u00e9rez va retallar dist\u00e0ncies amb un cop de cap despr\u00e9s d\u2019un ref\u00fas d\u2019Iv\u00e1n a una primera rematada, tamb\u00e9 de cap, del perill\u00f3s Carlos Cano.<\/p>\n\n\n\n<figure class=\"wp-block-image size-large\"><img loading=\"lazy\" decoding=\"async\" width=\"1024\" height=\"683\" src=\"https:\/\/fcsantboia.cat\/noticies\/wp-content\/uploads\/2026\/03\/SBVI_082-1024x683.jpg\" alt=\"\" class=\"wp-image-1028\" srcset=\"https:\/\/fcsantboia.cat\/noticies\/wp-content\/uploads\/2026\/03\/SBVI_082-1024x683.jpg 1024w, https:\/\/fcsantboia.cat\/noticies\/wp-content\/uploads\/2026\/03\/SBVI_082-300x200.jpg 300w, https:\/\/fcsantboia.cat\/noticies\/wp-content\/uploads\/2026\/03\/SBVI_082-768x512.jpg 768w, https:\/\/fcsantboia.cat\/noticies\/wp-content\/uploads\/2026\/03\/SBVI_082-1536x1024.jpg 1536w, https:\/\/fcsantboia.cat\/noticies\/wp-content\/uploads\/2026\/03\/SBVI_082.jpg 1600w\" sizes=\"auto, (max-width: 1024px) 100vw, 1024px\" \/><\/figure>\n\n\n\n<p>L\u2019esperan\u00e7a visitant va durar cinc minuts. Ja a l\u2019\u00faltim minut del temps reglamentari, una passada de Laso cap a Monir la va aprofitar el davanter per tancar definitivament el partit amb el 4-1.<\/p>\n\n\n\n<figure class=\"wp-block-image size-large\"><img loading=\"lazy\" decoding=\"async\" width=\"1024\" height=\"683\" src=\"https:\/\/fcsantboia.cat\/noticies\/wp-content\/uploads\/2026\/03\/SBVI_062-1024x683.jpg\" alt=\"\" class=\"wp-image-1029\" srcset=\"https:\/\/fcsantboia.cat\/noticies\/wp-content\/uploads\/2026\/03\/SBVI_062-1024x683.jpg 1024w, https:\/\/fcsantboia.cat\/noticies\/wp-content\/uploads\/2026\/03\/SBVI_062-300x200.jpg 300w, https:\/\/fcsantboia.cat\/noticies\/wp-content\/uploads\/2026\/03\/SBVI_062-768x512.jpg 768w, https:\/\/fcsantboia.cat\/noticies\/wp-content\/uploads\/2026\/03\/SBVI_062-1536x1024.jpg 1536w, https:\/\/fcsantboia.cat\/noticies\/wp-content\/uploads\/2026\/03\/SBVI_062.jpg 1600w\" sizes=\"auto, (max-width: 1024px) 100vw, 1024px\" \/><\/figure>\n\n\n\n<p>Amb aquest triomf, el Santboi\u00e0 puja dues posicions a la classificaci\u00f3 i es col\u00b7loca a quatre punts de la salvaci\u00f3, a l\u2019espera d\u2019una jornada clau amb un partit transcendental davant el Juventud 25 de Septembre (8 de mar\u00e7, a Rub\u00ed a les 12:05h.).<\/p>\n\n\n\n<figure class=\"wp-block-image size-large\"><img loading=\"lazy\" decoding=\"async\" width=\"1024\" height=\"683\" src=\"https:\/\/fcsantboia.cat\/noticies\/wp-content\/uploads\/2026\/03\/SBVI_087-1024x683.jpg\" alt=\"\" class=\"wp-image-1030\" srcset=\"https:\/\/fcsantboia.cat\/noticies\/wp-content\/uploads\/2026\/03\/SBVI_087-1024x683.jpg 1024w, https:\/\/fcsantboia.cat\/noticies\/wp-content\/uploads\/2026\/03\/SBVI_087-300x200.jpg 300w, https:\/\/fcsantboia.cat\/noticies\/wp-content\/uploads\/2026\/03\/SBVI_087-768x512.jpg 768w, https:\/\/fcsantboia.cat\/noticies\/wp-content\/uploads\/2026\/03\/SBVI_087-1536x1024.jpg 1536w, https:\/\/fcsantboia.cat\/noticies\/wp-content\/uploads\/2026\/03\/SBVI_087.jpg 1600w\" sizes=\"auto, (max-width: 1024px) 100vw, 1024px\" \/><\/figure>\n\n\n\n<p><strong>Alineacions<\/strong><br><strong>Santboi\u00e0:<\/strong>&nbsp;Iv\u00e1n Fuentes; Potu (Marc Rodr\u00edguez 63&#8242;), Pedro Jim\u00e9nez, Albert V\u00e1zquez, Miranda; Laso, Avellanet (\u00d3scar Manchado 82&#8242;); \u00c8ric Garcia (Kilian 56&#8242;), Lina (Minut 63&#8242;), Saliou (Jackson 74&#8242;); Vici (Sully 46&#8242;)<br><strong>Viladecans:<\/strong>&nbsp;Mario; Dani S\u00e1nchez (Pau C\u00f3zar 62&#8242;), J.J. Gallardo &#8216;Gallo&#8217;, \u00c1lex Ruiz, Xavi Gal\u00e1n (Espi 46&#8242;); Biel, Cepeda (Serrano 76&#8242;), Guillem Dolz; Adri Garc\u00eda (Erik P\u00e9rez 46&#8242;), Akram (Carlos Cano 46&#8242;) i Dani Etido (Roger 62&#8242;)<br><strong>Gols:<\/strong>&nbsp;1-0 Saliou 15&#8242; 2-0 Lina18&#8242; 3-0 Lina 33&#8242; 3-1 \u00c8rik P\u00e9rez 83&#8242; 4-1 Monir 89&#8242;<br><strong>Targetes grogues:<\/strong>&nbsp;Lina; X. Gal\u00e1n, Guillem Dolz, Cepeda, C. Cano i V. Serrano<\/p>\n\n\n\n<p>Paraules de Saliou, gran protagonista al seu retorn al Joan Baptista Mil\u00e0.<\/p>\n\n\n\n<figure class=\"wp-block-embed is-type-video is-provider-youtube wp-block-embed-youtube wp-embed-aspect-9-16 wp-has-aspect-ratio\"><div class=\"wp-block-embed__wrapper\">\n<iframe loading=\"lazy\" title=\"Serigne Saliou\" width=\"422\" height=\"750\" src=\"https:\/\/www.youtube.com\/embed\/p7Y5KbrHZxs?feature=oembed\" frameborder=\"0\" allow=\"accelerometer; autoplay; clipboard-write; encrypted-media; gyroscope; picture-in-picture; web-share\" referrerpolicy=\"strict-origin-when-cross-origin\" allowfullscreen><\/iframe>\n<\/div><\/figure>\n\n\n\n<p><\/p>\n\n\n\n<p>Cr\u00f2nica: Josep Santi\u00f1o.<br>Fotos: David Ferrer (<a href=\"https:\/\/photos.app.goo.gl\/tKyzmpR76ghkfdzv6\">veure totes<\/a>)<\/p>\n\n\n\n<p><\/p>\n","protected":false},"excerpt":{"rendered":"<p>El Santboi\u00e0 afrontava el derbi del Baix Llobregat amb la necessitat imperiosa de puntuar i, si era possible, sumar els tres punts davant un Viladecans instal\u00b7lat a la part alta de la classificaci\u00f3 i amb aspiracions d\u2019ascens directe. Per\u00f2 els visitants no van tenir cap opci\u00f3: els vermell-i-negres van signar el millor partit de l\u2019era [&hellip;]<\/p>\n","protected":false},"author":1,"featured_media":1032,"comment_status":"closed","ping_status":"closed","sticky":false,"template":"","format":"standard","meta":{"footnotes":""},"categories":[17],"tags":[],"class_list":["post-1023","post","type-post","status-publish","format-standard","has-post-thumbnail","hentry","category-croniques"],"_links":{"self":[{"href":"https:\/\/fcsantboia.cat\/noticies\/wp-json\/wp\/v2\/posts\/1023","targetHints":{"allow":["GET"]}}],"collection":[{"href":"https:\/\/fcsantboia.cat\/noticies\/wp-json\/wp\/v2\/posts"}],"about":[{"href":"https:\/\/fcsantboia.cat\/noticies\/wp-json\/wp\/v2\/types\/post"}],"author":[{"embeddable":true,"href":"https:\/\/fcsantboia.cat\/noticies\/wp-json\/wp\/v2\/users\/1"}],"replies":[{"embeddable":true,"href":"https:\/\/fcsantboia.cat\/noticies\/wp-json\/wp\/v2\/comments?post=1023"}],"version-history":[{"count":1,"href":"https:\/\/fcsantboia.cat\/noticies\/wp-json\/wp\/v2\/posts\/1023\/revisions"}],"predecessor-version":[{"id":1031,"href":"https:\/\/fcsantboia.cat\/noticies\/wp-json\/wp\/v2\/posts\/1023\/revisions\/1031"}],"wp:featuredmedia":[{"embeddable":true,"href":"https:\/\/fcsantboia.cat\/noticies\/wp-json\/wp\/v2\/media\/1032"}],"wp:attachment":[{"href":"https:\/\/fcsantboia.cat\/noticies\/wp-json\/wp\/v2\/media?parent=1023"}],"wp:term":[{"taxonomy":"category","embeddable":true,"href":"https:\/\/fcsantboia.cat\/noticies\/wp-json\/wp\/v2\/categories?post=1023"},{"taxonomy":"post_tag","embeddable":true,"href":"https:\/\/fcsantboia.cat\/noticies\/wp-json\/wp\/v2\/tags?post=1023"}],"curies":[{"name":"wp","href":"https:\/\/api.w.org\/{rel}","templated":true}]}}