{"id":1018,"date":"2026-02-26T20:35:37","date_gmt":"2026-02-26T18:35:37","guid":{"rendered":"https:\/\/fcsantboia.cat\/noticies\/?p=1018"},"modified":"2026-02-26T20:38:38","modified_gmt":"2026-02-26T18:38:38","slug":"iv-jornada-del-dia-de-la-dona","status":"publish","type":"post","link":"https:\/\/fcsantboia.cat\/noticies\/iv-jornada-del-dia-de-la-dona\/","title":{"rendered":"IV Jornada del Dia de la Dona"},"content":{"rendered":"\n<p><strong>IV Jornada del Dia de la Dona<\/strong><br><strong>Futbol per la Igualtat i la Solidaritat<\/strong><br><br>Benvolgudes esportistes i ve\u00efnes de Sant Boi,<\/p>\n\n\n\n<p>Un any m\u00e9s, ens unim per celebrar el talent femen\u00ed sobre la gespa. Aquesta<br>quarta edici\u00f3 no \u00e9s nom\u00e9s una celebraci\u00f3 esportiva, sin\u00f3 un punt de trobada<br>per a totes les dones del poble que estimen el futbol o que volen comen\u00e7ar<br>a gaudir-ne.<\/p>\n\n\n\n<ul class=\"wp-block-list\">\n<li><strong>Data:<\/strong> 6 de mar\u00e7<\/li>\n\n\n\n<li><strong>Hora:<\/strong> A partir de les 17:30h<\/li>\n\n\n\n<li><strong>Lloc:<\/strong> Estadi Municipal Joan Baptista Mil\u00e0<\/li>\n<\/ul>\n\n\n\n<p><strong>Objectiu de la Jornada<\/strong><\/p>\n\n\n\n<p>Volem fomentar la pr\u00e0ctica del futbol femen\u00ed a Sant Boi de Llobregat en un ambient l\u00fadic i festiu. L\u2019esport \u00e9s una eina clau per a la igualtat, i aquesta jornada est\u00e0 oberta a dones de totes les edats que vulguin compartir la seva passi\u00f3 per la pilota.<\/p>\n\n\n\n<p>Realitzarem partits d\u2019exhibici\u00f3 on la competici\u00f3 queda en segon pla per donar pas a la conviv\u00e8ncia. L\u2019\u00faltima activitat est\u00e0 dirigida a totes aquelles dones del poble que hi vulguin participar, fent un entrenament amb les noies del primer equip femen\u00ed del FC Santboi\u00e0. Les jugadores de tots els clubs de Sant Boi i totes aquelles noies que hi participin es barrejaran per jugar en equips conjunts, seguint aquest ordre:<\/p>\n\n\n\n<ul class=\"wp-block-list\">\n<li>17:30 Partits benjamines i alevines<\/li>\n\n\n\n<li>18:40 Partits alevines e infantils<\/li>\n\n\n\n<li>19:45 Activitat dirigida per Jutcontraelcancer i foto grupal de les participants<\/li>\n\n\n\n<li>20:00 Partits cadets i juvenils<\/li>\n\n\n\n<li>21:15 Entrenament conjunt amb el primer equip femen\u00ed<\/li>\n<\/ul>\n\n\n\n<p><strong>Inscripcions<\/strong><\/p>\n\n\n\n<p>La participaci\u00f3 \u00e9s totalment gratu\u00efta. Pots reservar la teva pla\u00e7a de dues maneres:<\/p>\n\n\n\n<ul class=\"wp-block-list\">\n<li><strong>Emplenant el formulari d&#8217;inscripci\u00f3 online<\/strong>: <a href=\"https:\/\/forms.gle\/VgVzQ3cgGvL1HYZaA\">https:\/\/fcsantboia.cat\/dona<\/a><\/li>\n<\/ul>\n\n\n\n<ul class=\"wp-block-list\">\n<li><strong>Confirmant la teva assist\u00e8ncia a trav\u00e9s del coordinador\/a del teu club<\/strong>.<\/li>\n<\/ul>\n\n\n\n<p><strong>Rifa Solid\u00e0ria: Juguem contra el C\u00e0ncer<\/strong><\/p>\n\n\n\n<p>Aquest any, un cop m\u00e9s, el nostre esfor\u00e7 t\u00e9 una causa especial. En col\u00b7laboraci\u00f3 amb l\u2019associaci\u00f3 Jutcontraelc\u00e0ncer, organitzarem una rifa solid\u00e0ria durant tota la jornada. <\/p>\n\n\n\n<p>Tots els beneficis aniran destinats \u00edntegrament a la investigaci\u00f3 contra el c\u00e0ncer. Participa i ajuda&#8217;ns a marcar el gol m\u00e9s important!<\/p>\n\n\n\n<figure class=\"wp-block-image size-full\"><img loading=\"lazy\" decoding=\"async\" width=\"398\" height=\"367\" src=\"https:\/\/fcsantboia.cat\/noticies\/wp-content\/uploads\/2026\/02\/image-3.png\" alt=\"\" class=\"wp-image-1019\" srcset=\"https:\/\/fcsantboia.cat\/noticies\/wp-content\/uploads\/2026\/02\/image-3.png 398w, https:\/\/fcsantboia.cat\/noticies\/wp-content\/uploads\/2026\/02\/image-3-300x277.png 300w\" sizes=\"auto, (max-width: 398px) 100vw, 398px\" \/><\/figure>\n\n\n\n<figure class=\"wp-block-image size-full\"><img loading=\"lazy\" decoding=\"async\" width=\"496\" height=\"697\" src=\"https:\/\/fcsantboia.cat\/noticies\/wp-content\/uploads\/2026\/02\/image-4.png\" alt=\"\" class=\"wp-image-1020\" srcset=\"https:\/\/fcsantboia.cat\/noticies\/wp-content\/uploads\/2026\/02\/image-4.png 496w, https:\/\/fcsantboia.cat\/noticies\/wp-content\/uploads\/2026\/02\/image-4-213x300.png 213w\" sizes=\"auto, (max-width: 496px) 100vw, 496px\" \/><\/figure>\n","protected":false},"excerpt":{"rendered":"<p>IV Jornada del Dia de la DonaFutbol per la Igualtat i la Solidaritat Benvolgudes esportistes i ve\u00efnes de Sant Boi, Un any m\u00e9s, ens unim per celebrar el talent femen\u00ed sobre la gespa. Aquestaquarta edici\u00f3 no \u00e9s nom\u00e9s una celebraci\u00f3 esportiva, sin\u00f3 un punt de trobadaper a totes les dones del poble que estimen el [&hellip;]<\/p>\n","protected":false},"author":1,"featured_media":1020,"comment_status":"closed","ping_status":"closed","sticky":false,"template":"","format":"standard","meta":{"footnotes":""},"categories":[4],"tags":[],"class_list":["post-1018","post","type-post","status-publish","format-standard","has-post-thumbnail","hentry","category-club"],"_links":{"self":[{"href":"https:\/\/fcsantboia.cat\/noticies\/wp-json\/wp\/v2\/posts\/1018","targetHints":{"allow":["GET"]}}],"collection":[{"href":"https:\/\/fcsantboia.cat\/noticies\/wp-json\/wp\/v2\/posts"}],"about":[{"href":"https:\/\/fcsantboia.cat\/noticies\/wp-json\/wp\/v2\/types\/post"}],"author":[{"embeddable":true,"href":"https:\/\/fcsantboia.cat\/noticies\/wp-json\/wp\/v2\/users\/1"}],"replies":[{"embeddable":true,"href":"https:\/\/fcsantboia.cat\/noticies\/wp-json\/wp\/v2\/comments?post=1018"}],"version-history":[{"count":2,"href":"https:\/\/fcsantboia.cat\/noticies\/wp-json\/wp\/v2\/posts\/1018\/revisions"}],"predecessor-version":[{"id":1022,"href":"https:\/\/fcsantboia.cat\/noticies\/wp-json\/wp\/v2\/posts\/1018\/revisions\/1022"}],"wp:featuredmedia":[{"embeddable":true,"href":"https:\/\/fcsantboia.cat\/noticies\/wp-json\/wp\/v2\/media\/1020"}],"wp:attachment":[{"href":"https:\/\/fcsantboia.cat\/noticies\/wp-json\/wp\/v2\/media?parent=1018"}],"wp:term":[{"taxonomy":"category","embeddable":true,"href":"https:\/\/fcsantboia.cat\/noticies\/wp-json\/wp\/v2\/categories?post=1018"},{"taxonomy":"post_tag","embeddable":true,"href":"https:\/\/fcsantboia.cat\/noticies\/wp-json\/wp\/v2\/tags?post=1018"}],"curies":[{"name":"wp","href":"https:\/\/api.w.org\/{rel}","templated":true}]}}